{"id":4467,"date":"2023-03-05T12:20:00","date_gmt":"2023-03-05T12:20:00","guid":{"rendered":"https:\/\/www.aromatherapyskolinn.is\/?p=4467"},"modified":"2023-03-05T12:19:45","modified_gmt":"2023-03-05T12:19:45","slug":"ferdalog","status":"publish","type":"post","link":"https:\/\/www.aromatherapyskolinn.is\/?p=4467","title":{"rendered":"Fer\u00f0al\u00f6g"},"content":{"rendered":"\n<p>\u00deetta fr\u00e1b\u00e6ra n\u00e1mskei\u00f0 kennir notkun \u00e1 ilmkjarnaol\u00edum \u00ed a\u00f0st\u00e6\u00f0um sem vi\u00f0 h\u00f6fum ekki alltaf allt vi\u00f0 hendina. N\u00e1mskei\u00f0i\u00f0i ver\u00f0ur haldi\u00f0 sunnudaginn 7. ma\u00ed 2023. \u00cd \u00feetta sinn munum vi\u00f0 l\u00e6ra um hva\u00f0a ilmkjarnaol\u00edur geta hj\u00e1lpa\u00f0 okkur vi\u00f0 hinum \u00fdmsu kvillum sem geta hrj\u00e1\u00f0 okkur \u00e1 fer\u00f0al\u00f6gum. Fari\u00f0 ver\u00f0ur yfir \u00f6ryggisatri\u00f0i var\u00f0andi notkun \u00e1 ilmkjarnaol\u00edum og kennt ver\u00f0ur a\u00f0 blanda \u00e1hrifar\u00edkar bl\u00f6ndur og notkun \u00ed \u00f3venjulegum a\u00f0st\u00e6\u00f0um.  Nemendur f\u00e1 me\u00f0 s\u00e9r heim n\u00e1msg\u00f6gn me\u00f0 uppskriftum og bl\u00f6ndu sem \u00feeir blanda sj\u00e1lfir \u00e1 n\u00e1mskei\u00f0iu. Skr\u00e1ning \u00e1 n\u00e1mskei\u00f0i\u00f0 er<a href=\"https:\/\/www.aromatherapyskolinn.is\/?product=ferdalog\"> h\u00e9r<\/a> <\/p>\n","protected":false},"excerpt":{"rendered":"<p>\u00deetta fr\u00e1b\u00e6ra n\u00e1mskei\u00f0 kennir notkun \u00e1 ilmkjarnaol\u00edum \u00ed a\u00f0st\u00e6\u00f0um sem vi\u00f0 h\u00f6fum ekki alltaf allt vi\u00f0 hendina. N\u00e1mskei\u00f0i\u00f0i ver\u00f0ur haldi\u00f0 &hellip; <\/p>\n","protected":false},"author":2,"featured_media":3672,"comment_status":"closed","ping_status":"closed","sticky":false,"template":"","format":"standard","meta":{"_jetpack_memberships_contains_paid_content":false,"footnotes":""},"categories":[1],"tags":[],"class_list":["post-4467","post","type-post","status-publish","format-standard","has-post-thumbnail","hentry","category-uncategorized","latest_post"],"jetpack_featured_media_url":"https:\/\/www.aromatherapyskolinn.is\/wp-content\/uploads\/2020\/02\/Akrafjalli\u00f0-me\u00f0-blindum.jpg","jetpack_sharing_enabled":true,"_links":{"self":[{"href":"https:\/\/www.aromatherapyskolinn.is\/index.php?rest_route=\/wp\/v2\/posts\/4467","targetHints":{"allow":["GET"]}}],"collection":[{"href":"https:\/\/www.aromatherapyskolinn.is\/index.php?rest_route=\/wp\/v2\/posts"}],"about":[{"href":"https:\/\/www.aromatherapyskolinn.is\/index.php?rest_route=\/wp\/v2\/types\/post"}],"author":[{"embeddable":true,"href":"https:\/\/www.aromatherapyskolinn.is\/index.php?rest_route=\/wp\/v2\/users\/2"}],"replies":[{"embeddable":true,"href":"https:\/\/www.aromatherapyskolinn.is\/index.php?rest_route=%2Fwp%2Fv2%2Fcomments&post=4467"}],"version-history":[{"count":3,"href":"https:\/\/www.aromatherapyskolinn.is\/index.php?rest_route=\/wp\/v2\/posts\/4467\/revisions"}],"predecessor-version":[{"id":4708,"href":"https:\/\/www.aromatherapyskolinn.is\/index.php?rest_route=\/wp\/v2\/posts\/4467\/revisions\/4708"}],"wp:featuredmedia":[{"embeddable":true,"href":"https:\/\/www.aromatherapyskolinn.is\/index.php?rest_route=\/wp\/v2\/media\/3672"}],"wp:attachment":[{"href":"https:\/\/www.aromatherapyskolinn.is\/index.php?rest_route=%2Fwp%2Fv2%2Fmedia&parent=4467"}],"wp:term":[{"taxonomy":"category","embeddable":true,"href":"https:\/\/www.aromatherapyskolinn.is\/index.php?rest_route=%2Fwp%2Fv2%2Fcategories&post=4467"},{"taxonomy":"post_tag","embeddable":true,"href":"https:\/\/www.aromatherapyskolinn.is\/index.php?rest_route=%2Fwp%2Fv2%2Ftags&post=4467"}],"curies":[{"name":"wp","href":"https:\/\/api.w.org\/{rel}","templated":true}]}}