{"id":4838,"date":"2025-06-03T14:07:00","date_gmt":"2025-06-03T14:07:00","guid":{"rendered":"https:\/\/www.aromatherapyskolinn.is\/?p=4838"},"modified":"2025-06-03T14:07:02","modified_gmt":"2025-06-03T14:07:02","slug":"lavender-og-svefn","status":"publish","type":"post","link":"https:\/\/www.aromatherapyskolinn.is\/?p=4838","title":{"rendered":"Lavender og svefn"},"content":{"rendered":"\n<p>Ef \u00fe\u00fa \u00e1tt erfitt me\u00f0 a\u00f0 festa svefn getur Lavender hj\u00e1lpa\u00f0. Einnig ef \u00fe\u00fa f\u00e6r\u00f0 ekki n\u00f3gu langan svefn hefur h\u00fan \u00e1hrif \u00e1 svefng\u00e6\u00f0i \u00feannig a\u00f0 s\u00e1 svefn sem \u00fe\u00fa \u00fe\u00f3 f\u00e6r\u00f0 ver\u00f0ur a\u00f0 meiri g\u00e6\u00f0um me\u00f0 Lavender.<\/p>\n\n\n\n<p>Einn dropi \u00e1 tissj\u00fa \u00e1 n\u00e1ttbor\u00f0i\u00f0 dugar.<\/p>\n\n\n\n<p><a href=\"https:\/\/www.fondation-gattefosse.org\/en\/rene-maurice-gattefosse\/\" target=\"_blank\" rel=\"noreferrer noopener\">H\u00e9r<\/a>&nbsp;er hlekkur inn\u00e1 s\u00ed\u00f0u sem segir fr\u00e1 Ren\u00e9-Maurice Gattefoss\u00e9 og \u00e1str\u00ed\u00f0u hann fyrir Lavender. Hann er talin vera gu\u00f0fa\u00f0ir aromatherapy eins og h\u00fan er stundu\u00f0 \u00ed dag.<\/p>\n\n\n\n<p><\/p>\n","protected":false},"excerpt":{"rendered":"<p>Ef \u00fe\u00fa \u00e1tt erfitt me\u00f0 a\u00f0 festa svefn getur Lavender hj\u00e1lpa\u00f0. Einnig ef \u00fe\u00fa f\u00e6r\u00f0 ekki n\u00f3gu langan svefn hefur &hellip; <\/p>\n","protected":false},"author":2,"featured_media":165,"comment_status":"closed","ping_status":"closed","sticky":false,"template":"","format":"standard","meta":{"_jetpack_memberships_contains_paid_content":false,"footnotes":""},"categories":[1],"tags":[],"class_list":["post-4838","post","type-post","status-publish","format-standard","has-post-thumbnail","hentry","category-uncategorized","latest_post"],"jetpack_featured_media_url":"https:\/\/www.aromatherapyskolinn.is\/wp-content\/uploads\/2019\/06\/svefn.png","jetpack_sharing_enabled":true,"_links":{"self":[{"href":"https:\/\/www.aromatherapyskolinn.is\/index.php?rest_route=\/wp\/v2\/posts\/4838","targetHints":{"allow":["GET"]}}],"collection":[{"href":"https:\/\/www.aromatherapyskolinn.is\/index.php?rest_route=\/wp\/v2\/posts"}],"about":[{"href":"https:\/\/www.aromatherapyskolinn.is\/index.php?rest_route=\/wp\/v2\/types\/post"}],"author":[{"embeddable":true,"href":"https:\/\/www.aromatherapyskolinn.is\/index.php?rest_route=\/wp\/v2\/users\/2"}],"replies":[{"embeddable":true,"href":"https:\/\/www.aromatherapyskolinn.is\/index.php?rest_route=%2Fwp%2Fv2%2Fcomments&post=4838"}],"version-history":[{"count":1,"href":"https:\/\/www.aromatherapyskolinn.is\/index.php?rest_route=\/wp\/v2\/posts\/4838\/revisions"}],"predecessor-version":[{"id":4839,"href":"https:\/\/www.aromatherapyskolinn.is\/index.php?rest_route=\/wp\/v2\/posts\/4838\/revisions\/4839"}],"wp:featuredmedia":[{"embeddable":true,"href":"https:\/\/www.aromatherapyskolinn.is\/index.php?rest_route=\/wp\/v2\/media\/165"}],"wp:attachment":[{"href":"https:\/\/www.aromatherapyskolinn.is\/index.php?rest_route=%2Fwp%2Fv2%2Fmedia&parent=4838"}],"wp:term":[{"taxonomy":"category","embeddable":true,"href":"https:\/\/www.aromatherapyskolinn.is\/index.php?rest_route=%2Fwp%2Fv2%2Fcategories&post=4838"},{"taxonomy":"post_tag","embeddable":true,"href":"https:\/\/www.aromatherapyskolinn.is\/index.php?rest_route=%2Fwp%2Fv2%2Ftags&post=4838"}],"curies":[{"name":"wp","href":"https:\/\/api.w.org\/{rel}","templated":true}]}}