{"id":4911,"date":"2025-09-02T10:03:25","date_gmt":"2025-09-02T10:03:25","guid":{"rendered":"https:\/\/www.aromatherapyskolinn.is\/?p=4911"},"modified":"2025-09-02T10:03:27","modified_gmt":"2025-09-02T10:03:27","slug":"innondun","status":"publish","type":"post","link":"https:\/\/www.aromatherapyskolinn.is\/?p=4911","title":{"rendered":"Inn\u00f6ndun"},"content":{"rendered":"\n<p>Mig langar a\u00f0eins a\u00f0 tala um hvernig vi\u00f0 t\u00f6kum efni ilmkjarnaol\u00eda inn \u00ed l\u00edkama okkar.&nbsp; Flest okkar eru mj\u00f6g upptekin af \u00fev\u00ed a\u00f0 \u00fea\u00f0 sem ma\u00f0ur tekur inn um munn og ofan \u00ed maga s\u00e9u virkustu lei\u00f0irnar til a\u00f0 f\u00e1 \u00feau lyf, v\u00edtam\u00edn e\u00f0a ilmkjarnaol\u00edur til a\u00f0 virka. \u00c9g \u00e6tla ekki a\u00f0 tj\u00e1 mig h\u00e9r um hef\u00f0bundin lyf n\u00e9 v\u00edtam\u00edn en vi\u00f0 vitum \u00fea\u00f0 n\u00fana a\u00f0 taka inn ilmkjarnaol\u00edur me\u00f0 \u00fev\u00ed a\u00f0 gleypa \u00fe\u00e6r eru slakasta a\u00f0fer\u00f0in til a\u00f0 f\u00e1 fulla virkni efna ilmkjarnaol\u00edanna.<\/p>\n\n\n\n<p>L\u00edkaminn okkar er me\u00f0 svo \u00f6flugt varnarkerfi sem ver okkur fyrir \u00feeim efnum sem koma inn um munn og \u00ed gegnum meltinguna a\u00f0 n\u00e1nast engin efni m\u00e6last \u00ed bl\u00f3\u00f0i \u00feegar meltingarkerfi\u00f0 og lifrin hafa unni\u00f0 \u00e1 efnum sem vi\u00f0 t\u00f6kum inn.&nbsp;<\/p>\n\n\n\n<p>Til a\u00f0 komast framhj\u00e1 \u00feessu varnarkerfi er mj\u00f6g \u00f6flugt a\u00f0 anda a\u00f0 s\u00e9r ilmkjarnaol\u00edum inn um nef me\u00f0 dj\u00fapum andardr\u00e6tti , \u00ed raun er \u00fea\u00f0 talin&nbsp; ein af \u00e1hrifar\u00edkustu lei\u00f0unum til a\u00f0 n\u00fdta s\u00e9r efni ol\u00edanna.&nbsp;<\/p>\n\n\n\n<p>Ilmol\u00edulampi e\u00f0a ilmol\u00edustaukur eru t\u00f3lin og bara a\u00f0 muna a\u00f0 nota ekki of sterkar bl\u00f6ndur.<\/p>\n","protected":false},"excerpt":{"rendered":"<p>Mig langar a\u00f0eins a\u00f0 tala um hvernig vi\u00f0 t\u00f6kum efni ilmkjarnaol\u00eda inn \u00ed l\u00edkama okkar.&nbsp; Flest okkar eru mj\u00f6g upptekin &hellip; <\/p>\n","protected":false},"author":2,"featured_media":4913,"comment_status":"closed","ping_status":"closed","sticky":false,"template":"","format":"standard","meta":{"_jetpack_memberships_contains_paid_content":false,"footnotes":""},"categories":[1],"tags":[],"class_list":["post-4911","post","type-post","status-publish","format-standard","has-post-thumbnail","hentry","category-uncategorized","latest_post"],"jetpack_featured_media_url":"https:\/\/www.aromatherapyskolinn.is\/wp-content\/uploads\/2025\/09\/diffuser-e1756807336484.jpg","jetpack_sharing_enabled":true,"_links":{"self":[{"href":"https:\/\/www.aromatherapyskolinn.is\/index.php?rest_route=\/wp\/v2\/posts\/4911","targetHints":{"allow":["GET"]}}],"collection":[{"href":"https:\/\/www.aromatherapyskolinn.is\/index.php?rest_route=\/wp\/v2\/posts"}],"about":[{"href":"https:\/\/www.aromatherapyskolinn.is\/index.php?rest_route=\/wp\/v2\/types\/post"}],"author":[{"embeddable":true,"href":"https:\/\/www.aromatherapyskolinn.is\/index.php?rest_route=\/wp\/v2\/users\/2"}],"replies":[{"embeddable":true,"href":"https:\/\/www.aromatherapyskolinn.is\/index.php?rest_route=%2Fwp%2Fv2%2Fcomments&post=4911"}],"version-history":[{"count":1,"href":"https:\/\/www.aromatherapyskolinn.is\/index.php?rest_route=\/wp\/v2\/posts\/4911\/revisions"}],"predecessor-version":[{"id":4912,"href":"https:\/\/www.aromatherapyskolinn.is\/index.php?rest_route=\/wp\/v2\/posts\/4911\/revisions\/4912"}],"wp:featuredmedia":[{"embeddable":true,"href":"https:\/\/www.aromatherapyskolinn.is\/index.php?rest_route=\/wp\/v2\/media\/4913"}],"wp:attachment":[{"href":"https:\/\/www.aromatherapyskolinn.is\/index.php?rest_route=%2Fwp%2Fv2%2Fmedia&parent=4911"}],"wp:term":[{"taxonomy":"category","embeddable":true,"href":"https:\/\/www.aromatherapyskolinn.is\/index.php?rest_route=%2Fwp%2Fv2%2Fcategories&post=4911"},{"taxonomy":"post_tag","embeddable":true,"href":"https:\/\/www.aromatherapyskolinn.is\/index.php?rest_route=%2Fwp%2Fv2%2Ftags&post=4911"}],"curies":[{"name":"wp","href":"https:\/\/api.w.org\/{rel}","templated":true}]}}